{"status":"success","contentsList":"{\u0022228\u0022:{\u0022name\u0022:\u0022Zmiana kategorii przejazdu kolejowego w Ligocie Toszeckiej\u0022,\u0022shows\u0022:24},\u0022224\u0022:{\u0022name\u0022:\u0022Dofinansowanie na rozw\\u00f3j firm \\u2013 wkr\\u00f3tce nab\\u00f3r w LGD \\u201eLe\\u015bna Kraina G\\u00f3rnego \\u015al\\u0105ska\\u201d\u0022,\u0022shows\u0022:33},\u0022223\u0022:{\u0022name\u0022:\u0022Konsultacje obszar\\u00f3w HCV\u0022,\u0022shows\u0022:49},\u0022222\u0022:{\u0022name\u0022:\u0022Konsultacje spo\\u0142eczne projektu uchwa\\u0142y w sprawie zmiany uchwa\\u0142y w sprawie zarz\\u0105dzenia poboru w drodze inkasa podatku rolnego, podatku le\\u015bnego i podatku od nieruchomo\\u015bci od os\\u00f3b fizycznych\u0022,\u0022shows\u0022:28},\u0022221\u0022:{\u0022name\u0022:\u0022Konsultacje spo\\u0142eczne projektu uchwa\\u0142y w sprawie  zmiany uchwa\\u0142y w sprawie zarz\\u0105dzenia poboru w drodze inkasa op\\u0142aty za gospodarowanie odpadami komunalnymi na terenie Gminy Toszek\u0022,\u0022shows\u0022:18},\u0022220\u0022:{\u0022name\u0022:\u0022BADANIE GLEB - ZAPROSZENIE\u0022,\u0022shows\u0022:32},\u0022219\u0022:{\u0022name\u0022:\u0022Komunikat KRUS - Trwa nab\\u00f3r wniosk\\u00f3w na bezp\\u0142atne wakacyjne turnusy rehabilitacyjne dla dzieci\u0022,\u0022shows\u0022:31},\u0022217\u0022:{\u0022name\u0022:\u0022Wykaz sieci kanalizacji sanitarnej i sieci wodoci\\u0105gowej wraz z towarzysz\\u0105cymi urz\\u0105dzeniami oraz obiektami infrastruktury technicznej do oddania w dzier\\u017caw\\u0119 w trybie bezprzetargowym, na czas nieoznaczony.\u0022,\u0022shows\u0022:45},\u0022216\u0022:{\u0022name\u0022:\u0022Wykaz nieruchomo\\u015bci przeznaczonych do dzier\\u017cawy w trybie bezprzetargowym z przeznaczeniem na inne cele.\u0022,\u0022shows\u0022:43},\u0022215\u0022:{\u0022name\u0022:\u0022Wykaz nieruchomo\\u015bci przeznaczonych do dzier\\u017cawy w trybie bezprzetargowym z przeznaczeniem pod ogr\\u00f3dek warzywny.\u0022,\u0022shows\u0022:25},\u0022212\u0022:{\u0022name\u0022:\u0022Dy\\u017cur Ekodoradcy 29 kwietnia 2026 r.\u0022,\u0022shows\u0022:28},\u0022211\u0022:{\u0022name\u0022:\u0022Bezp\\u0142atne badania wzroku w Toszku i Kotulinie w dniu 22 kwietnia br.\u0022,\u0022shows\u0022:51},\u0022209\u0022:{\u0022name\u0022:\u0022Dbajmy o czysto\\u015b\\u0107 Naszej Gminy !\u0022,\u0022shows\u0022:62},\u0022207\u0022:{\u0022name\u0022:\u0022\\u201eMoje wakacje wygl\\u0105da\\u0142y inaczej ni\\u017c u wi\\u0119kszo\\u015bci dzieci. Nie by\\u0142o wyjazd\\u00f3w nad morze. Najwi\\u0119ksz\\u0105 frajd\\u0105 by\\u0142y wyjazdy do wujka i cioci pod Zdu\\u0144sk\\u0105 Wol\\u0119 \\u2013 tam te\\u017c by\\u0142o gospodarstwo, ale warzywne.\\u201d\u0022,\u0022shows\u0022:238},\u0022205\u0022:{\u0022name\u0022:\u0022Komunikat KRUS - Wysoko\\u015b\\u0107 miesi\\u0119cznej sk\\u0142adki na ubezpieczenie wypadkowe, chorobowe i macierzy\\u0144skie w II kwartale 2026 r.\u0022,\u0022shows\u0022:39},\u0022204\u0022:{\u0022name\u0022:\u0022Informacja KRUS dot. zmiany sposobu informowania o wysoko\\u015bci sk\\u0142adek na ubezpieczenie spo\\u0142eczne rolnik\\u00f3w i ubezpieczenie zdrowotne.\u0022,\u0022shows\u0022:83},\u0022203\u0022:{\u0022name\u0022:\u0022Wilki\u0022,\u0022shows\u0022:329},\u0022202\u0022:{\u0022name\u0022:\u0022Wiadomo\\u015b\\u0107 o zad\\u0142u\\u017ceniu w ZUS przyjdzie szybciej\u0022,\u0022shows\u0022:50},\u0022201\u0022:{\u0022name\u0022:\u0022Konkurs KRUS - Bezpieczne Gospodarstwo Rolne 2026\u0022,\u0022shows\u0022:60},\u0022200\u0022:{\u0022name\u0022:\u0022Ostrze\\u017cenie meteorologiczne - przymrozki\u0022,\u0022shows\u0022:36},\u0022192\u0022:{\u0022name\u0022:\u0022Powiadomienie o ryzyku wyst\\u0105pienia przekroczenia poziomu informowania dla py\\u0142u zawieszonego PM10 w powietrzu\u0022,\u0022shows\u0022:84},\u0022191\u0022:{\u0022name\u0022:\u0022Rozmowy  z pasj\\u0105 Piotr Klita\u0022,\u0022shows\u0022:277},\u0022188\u0022:{\u0022name\u0022:\u0022\\u015arody z KSeF i szkolenia bran\\u017cowe\u0022,\u0022shows\u0022:79},\u0022185\u0022:{\u0022name\u0022:\u0022Wprowadzenie stopni alarmowych na ca\\u0142ym terytorium Rzeczypospolitej Polskiej\u0022,\u0022shows\u0022:123},\u0022184\u0022:{\u0022name\u0022:\u0022Powiadomienie o ryzyku wyst\\u0105pienia przekroczenia \\u015bredniodobowego poziomu dopuszczalnego substancji w powietrzu.\u0022,\u0022shows\u0022:105},\u0022179\u0022:{\u0022name\u0022:\u0022Og\\u0142oszenie Burmistrza Toszka w sprawie wykazu lokali do remontu na koszt w\\u0142asny przysz\\u0142ego najemcy.\u0022,\u0022shows\u0022:192},\u0022173\u0022:{\u0022name\u0022:\u0022Rozmowy  z pasj\\u0105 Grzegorz Gruszka i Tomasz Obru\\u015bnik\u0022,\u0022shows\u0022:288},\u0022171\u0022:{\u0022name\u0022:\u0022Rozpocz\\u0119cie rekrutacji do przedszkola i oddzia\\u0142\\u00f3w przedszkolnych  na rok szkolny 2026\\\/2027\u0022,\u0022shows\u0022:140},\u0022160\u0022:{\u0022name\u0022:\u0022Harmonogramy odbioru odpad\\u00f3w komunalnych od 1 lutego 2026 r.  do ko\\u0144ca roku\u0022,\u0022shows\u0022:1124},\u0022157\u0022:{\u0022name\u0022:\u0022Powiadomienie o ryzyku wyst\\u0105pienia przekroczenia poziomu informowania dla py\\u0142u zawieszonego PM10 w powietrzu\u0022,\u0022shows\u0022:116},\u0022155\u0022:{\u0022name\u0022:\u0022Przedszkola na start!\u0022,\u0022shows\u0022:149},\u0022156\u0022:{\u0022name\u0022:\u0022Powiadomienie o ryzyku wyst\\u0105pienia przekroczenia poziomu informowania dla py\\u0142u zawieszonego PM10 w powietrzu - POZIOM 2\u0022,\u0022shows\u0022:76},\u0022154\u0022:{\u0022name\u0022:\u0022Ostrze\\u017cenie meteorologiczne - marzn\\u0105ce opady\u0022,\u0022shows\u0022:63},\u0022151\u0022:{\u0022name\u0022:\u0022Powiadomienie o ryzyku wyst\\u0105pienia przekroczenia poziomu informowania dla py\\u0142u zawieszonego PM10 w powietrzu - POZIOM 2\u0022,\u0022shows\u0022:74},\u0022149\u0022:{\u0022name\u0022:\u0022Powiadomienie o ryzyku wyst\\u0105pienia przekroczenia poziomu informowania dla py\\u0142u zawieszonego PM10 w powietrzu - POZIOM 2\u0022,\u0022shows\u0022:85},\u0022148\u0022:{\u0022name\u0022:\u0022Powiadomienie o ryzyku wyst\\u0105pienia przekroczenia poziomu informowania dla py\\u0142u zawieszonego PM10 w powietrzu\u0022,\u0022shows\u0022:113},\u0022145\u0022:{\u0022name\u0022:\u0022Og\\u0142oszenie AZBEST osoby fizyczne\u0022,\u0022shows\u0022:141},\u0022143\u0022:{\u0022name\u0022:\u0022Konsultacje spo\\u0142eczne projektu uchwa\\u0142y w sprawie przyj\\u0119cia \\u201eGminnego Programu Opieki nad Zabytkami Gminy Toszek na lata 2026-2029\\\u0022\u0022,\u0022shows\u0022:89},\u0022141\u0022:{\u0022name\u0022:\u0022Komunikat KRUS - nowa kwota zasi\\u0142ku pogrzebowego od stycznia 2026 r.\u0022,\u0022shows\u0022:92},\u0022129\u0022:{\u0022name\u0022:\u0022Wywiad z pasj\\u0105 - Rafa\\u0142 Kucharczyk\u0022,\u0022shows\u0022:614},\u0022121\u0022:{\u0022name\u0022:\u0022Informacja z TAURON Dystrybucja\u0022,\u0022shows\u0022:95},\u0022119\u0022:{\u0022name\u0022:\u0022Komunikat dotycz\\u0105cy choroby niebieskiego j\\u0119zyka\u0022,\u0022shows\u0022:105},\u0022117\u0022:{\u0022name\u0022:\u0022Komunikat KRUS - nowe kwoty przychodu od 1 grudnia br.\u0022,\u0022shows\u0022:97},\u0022115\u0022:{\u0022name\u0022:\u0022XV Toszecki Jarmark Adwentowy\u0022,\u0022shows\u0022:1182},\u0022114\u0022:{\u0022name\u0022:\u0022Rozmowy z pasj\\u0105 - Janusz Godula\u0022,\u0022shows\u0022:303},\u0022103\u0022:{\u0022name\u0022:\u0022Informacja o zmianach w rozk\\u0142adzie jazdy \\u2013 linia autobusowa nr 207\u0022,\u0022shows\u0022:115},\u002299\u0022:{\u0022name\u0022:\u0022Wprowadzenie stopni alarmowych BRAVO oraz BRAVO-CRP na ca\\u0142ym terytorium Rzeczypospolitej Polskiej\u0022,\u0022shows\u0022:98},\u002295\u0022:{\u0022name\u0022:\u0022Spotkanie edukacyjne - profilaktyka osteoporozy\u0022,\u0022shows\u0022:172},\u002243\u0022:{\u0022name\u0022:\u0022Trwa przyjmowanie zg\\u0142osze\\u0144 wystawc\\u00f3w na Toszecki Jarmark Adwentowy 2025\u0022,\u0022shows\u0022:235},\u002292\u0022:{\u0022name\u0022:\u0022Kolejne \\u015brodki finansowe dla Gminy Toszek na realizacj\\u0119 Programu Ochrony Ludno\\u015bci i Obrony Cywilnej w Gminie Toszek\u0022,\u0022shows\u0022:126},\u002286\u0022:{\u0022name\u0022:\u0022Rozmowy z pasj\\u0105 - Klaudia Popek\u0022,\u0022shows\u0022:494},\u002285\u0022:{\u0022name\u0022:\u0022Zarz\\u0105dzenie nr 0050.305.2025 Burmistrza Toszka z dnia 03.11.2025 r.\u0022,\u0022shows\u0022:128},\u002244\u0022:{\u0022name\u0022:\u0022Gmina Toszek otrzyma\\u0142a \\u015brodki finansowe na ogranizacj\\u0119 szkole\\u0144 w ramach POLiOC\u0022,\u0022shows\u0022:117},\u002284\u0022:{\u0022name\u0022:\u0022II nab\\u00f3r programu Ciep\\u0142e mieszkanie trwa do 17 listopada\u0022,\u0022shows\u0022:113},\u002282\u0022:{\u0022name\u0022:\u0022To ju\\u017c ostatnia szansa na BEZP\\u0141ATNE badania w kierunku osteoporozy\u0022,\u0022shows\u0022:141}}","message":"\u003Cul class=\u0022contents-list\u0022\u003E\u003Cli class=\u0022contents-list-item\u0022\u003EZmiana kategorii przejazdu kolejowego w Ligocie Toszeckiej (\u003Cspan class=\u0022stats-count\u0022\u003E24\u003C\/span\u003E)\u003C\/li\u003E\u003Cli class=\u0022contents-list-item\u0022\u003EDofinansowanie na rozw\u00f3j firm \u2013 wkr\u00f3tce nab\u00f3r w LGD \u201eLe\u015bna Kraina G\u00f3rnego \u015al\u0105ska\u201d (\u003Cspan class=\u0022stats-count\u0022\u003E33\u003C\/span\u003E)\u003C\/li\u003E\u003Cli class=\u0022contents-list-item\u0022\u003EKonsultacje obszar\u00f3w HCV (\u003Cspan class=\u0022stats-count\u0022\u003E49\u003C\/span\u003E)\u003C\/li\u003E\u003Cli class=\u0022contents-list-item\u0022\u003EKonsultacje spo\u0142eczne projektu uchwa\u0142y w sprawie zmiany uchwa\u0142y w sprawie zarz\u0105dzenia poboru w drodze inkasa podatku rolnego, podatku le\u015bnego i podatku od nieruchomo\u015bci od os\u00f3b fizycznych (\u003Cspan class=\u0022stats-count\u0022\u003E28\u003C\/span\u003E)\u003C\/li\u003E\u003Cli class=\u0022contents-list-item\u0022\u003EKonsultacje spo\u0142eczne projektu uchwa\u0142y w sprawie  zmiany uchwa\u0142y w sprawie zarz\u0105dzenia poboru w drodze inkasa op\u0142aty za gospodarowanie odpadami komunalnymi na terenie Gminy Toszek (\u003Cspan class=\u0022stats-count\u0022\u003E18\u003C\/span\u003E)\u003C\/li\u003E\u003Cli class=\u0022contents-list-item\u0022\u003EBADANIE GLEB - ZAPROSZENIE (\u003Cspan class=\u0022stats-count\u0022\u003E32\u003C\/span\u003E)\u003C\/li\u003E\u003Cli class=\u0022contents-list-item\u0022\u003EKomunikat KRUS - Trwa nab\u00f3r wniosk\u00f3w na bezp\u0142atne wakacyjne turnusy rehabilitacyjne dla dzieci (\u003Cspan class=\u0022stats-count\u0022\u003E31\u003C\/span\u003E)\u003C\/li\u003E\u003Cli class=\u0022contents-list-item\u0022\u003EWykaz sieci kanalizacji sanitarnej i sieci wodoci\u0105gowej wraz z towarzysz\u0105cymi urz\u0105dzeniami oraz obiektami infrastruktury technicznej do oddania w dzier\u017caw\u0119 w trybie bezprzetargowym, na czas nieoznaczony. (\u003Cspan class=\u0022stats-count\u0022\u003E45\u003C\/span\u003E)\u003C\/li\u003E\u003Cli class=\u0022contents-list-item\u0022\u003EWykaz nieruchomo\u015bci przeznaczonych do dzier\u017cawy w trybie bezprzetargowym z przeznaczeniem na inne cele. (\u003Cspan class=\u0022stats-count\u0022\u003E43\u003C\/span\u003E)\u003C\/li\u003E\u003Cli class=\u0022contents-list-item\u0022\u003EWykaz nieruchomo\u015bci przeznaczonych do dzier\u017cawy w trybie bezprzetargowym z przeznaczeniem pod ogr\u00f3dek warzywny. (\u003Cspan class=\u0022stats-count\u0022\u003E25\u003C\/span\u003E)\u003C\/li\u003E\u003Cli class=\u0022contents-list-item\u0022\u003EDy\u017cur Ekodoradcy 29 kwietnia 2026 r. (\u003Cspan class=\u0022stats-count\u0022\u003E28\u003C\/span\u003E)\u003C\/li\u003E\u003Cli class=\u0022contents-list-item\u0022\u003EBezp\u0142atne badania wzroku w Toszku i Kotulinie w dniu 22 kwietnia br. (\u003Cspan class=\u0022stats-count\u0022\u003E51\u003C\/span\u003E)\u003C\/li\u003E\u003Cli class=\u0022contents-list-item\u0022\u003EDbajmy o czysto\u015b\u0107 Naszej Gminy ! (\u003Cspan class=\u0022stats-count\u0022\u003E62\u003C\/span\u003E)\u003C\/li\u003E\u003Cli class=\u0022contents-list-item\u0022\u003E\u201eMoje wakacje wygl\u0105da\u0142y inaczej ni\u017c u wi\u0119kszo\u015bci dzieci. Nie by\u0142o wyjazd\u00f3w nad morze. Najwi\u0119ksz\u0105 frajd\u0105 by\u0142y wyjazdy do wujka i cioci pod Zdu\u0144sk\u0105 Wol\u0119 \u2013 tam te\u017c by\u0142o gospodarstwo, ale warzywne.\u201d (\u003Cspan class=\u0022stats-count\u0022\u003E238\u003C\/span\u003E)\u003C\/li\u003E\u003Cli class=\u0022contents-list-item\u0022\u003EKomunikat KRUS - Wysoko\u015b\u0107 miesi\u0119cznej sk\u0142adki na ubezpieczenie wypadkowe, chorobowe i macierzy\u0144skie w II kwartale 2026 r. (\u003Cspan class=\u0022stats-count\u0022\u003E39\u003C\/span\u003E)\u003C\/li\u003E\u003Cli class=\u0022contents-list-item\u0022\u003EInformacja KRUS dot. zmiany sposobu informowania o wysoko\u015bci sk\u0142adek na ubezpieczenie spo\u0142eczne rolnik\u00f3w i ubezpieczenie zdrowotne. (\u003Cspan class=\u0022stats-count\u0022\u003E83\u003C\/span\u003E)\u003C\/li\u003E\u003Cli class=\u0022contents-list-item\u0022\u003EWilki (\u003Cspan class=\u0022stats-count\u0022\u003E329\u003C\/span\u003E)\u003C\/li\u003E\u003Cli class=\u0022contents-list-item\u0022\u003EWiadomo\u015b\u0107 o zad\u0142u\u017ceniu w ZUS przyjdzie szybciej (\u003Cspan class=\u0022stats-count\u0022\u003E50\u003C\/span\u003E)\u003C\/li\u003E\u003Cli class=\u0022contents-list-item\u0022\u003EKonkurs KRUS - Bezpieczne Gospodarstwo Rolne 2026 (\u003Cspan class=\u0022stats-count\u0022\u003E60\u003C\/span\u003E)\u003C\/li\u003E\u003Cli class=\u0022contents-list-item\u0022\u003EOstrze\u017cenie meteorologiczne - przymrozki (\u003Cspan class=\u0022stats-count\u0022\u003E36\u003C\/span\u003E)\u003C\/li\u003E\u003Cli class=\u0022contents-list-item\u0022\u003EPowiadomienie o ryzyku wyst\u0105pienia przekroczenia poziomu informowania dla py\u0142u zawieszonego PM10 w powietrzu (\u003Cspan class=\u0022stats-count\u0022\u003E84\u003C\/span\u003E)\u003C\/li\u003E\u003Cli class=\u0022contents-list-item\u0022\u003ERozmowy  z pasj\u0105 Piotr Klita (\u003Cspan class=\u0022stats-count\u0022\u003E277\u003C\/span\u003E)\u003C\/li\u003E\u003Cli class=\u0022contents-list-item\u0022\u003E\u015arody z KSeF i szkolenia bran\u017cowe (\u003Cspan class=\u0022stats-count\u0022\u003E79\u003C\/span\u003E)\u003C\/li\u003E\u003Cli class=\u0022contents-list-item\u0022\u003EWprowadzenie stopni alarmowych na ca\u0142ym terytorium Rzeczypospolitej Polskiej (\u003Cspan class=\u0022stats-count\u0022\u003E123\u003C\/span\u003E)\u003C\/li\u003E\u003Cli class=\u0022contents-list-item\u0022\u003EPowiadomienie o ryzyku wyst\u0105pienia przekroczenia \u015bredniodobowego poziomu dopuszczalnego substancji w powietrzu. (\u003Cspan class=\u0022stats-count\u0022\u003E105\u003C\/span\u003E)\u003C\/li\u003E\u003Cli class=\u0022contents-list-item\u0022\u003EOg\u0142oszenie Burmistrza Toszka w sprawie wykazu lokali do remontu na koszt w\u0142asny przysz\u0142ego najemcy. (\u003Cspan class=\u0022stats-count\u0022\u003E192\u003C\/span\u003E)\u003C\/li\u003E\u003Cli class=\u0022contents-list-item\u0022\u003ERozmowy  z pasj\u0105 Grzegorz Gruszka i Tomasz Obru\u015bnik (\u003Cspan class=\u0022stats-count\u0022\u003E288\u003C\/span\u003E)\u003C\/li\u003E\u003Cli class=\u0022contents-list-item\u0022\u003ERozpocz\u0119cie rekrutacji do przedszkola i oddzia\u0142\u00f3w przedszkolnych  na rok szkolny 2026\/2027 (\u003Cspan class=\u0022stats-count\u0022\u003E140\u003C\/span\u003E)\u003C\/li\u003E\u003Cli class=\u0022contents-list-item\u0022\u003EHarmonogramy odbioru odpad\u00f3w komunalnych od 1 lutego 2026 r.  do ko\u0144ca roku (\u003Cspan class=\u0022stats-count\u0022\u003E1124\u003C\/span\u003E)\u003C\/li\u003E\u003Cli class=\u0022contents-list-item\u0022\u003EPowiadomienie o ryzyku wyst\u0105pienia przekroczenia poziomu informowania dla py\u0142u zawieszonego PM10 w powietrzu (\u003Cspan class=\u0022stats-count\u0022\u003E116\u003C\/span\u003E)\u003C\/li\u003E\u003Cli class=\u0022contents-list-item\u0022\u003EPrzedszkola na start! (\u003Cspan class=\u0022stats-count\u0022\u003E149\u003C\/span\u003E)\u003C\/li\u003E\u003Cli class=\u0022contents-list-item\u0022\u003EPowiadomienie o ryzyku wyst\u0105pienia przekroczenia poziomu informowania dla py\u0142u zawieszonego PM10 w powietrzu - POZIOM 2 (\u003Cspan class=\u0022stats-count\u0022\u003E76\u003C\/span\u003E)\u003C\/li\u003E\u003Cli class=\u0022contents-list-item\u0022\u003EOstrze\u017cenie meteorologiczne - marzn\u0105ce opady (\u003Cspan class=\u0022stats-count\u0022\u003E63\u003C\/span\u003E)\u003C\/li\u003E\u003Cli class=\u0022contents-list-item\u0022\u003EPowiadomienie o ryzyku wyst\u0105pienia przekroczenia poziomu informowania dla py\u0142u zawieszonego PM10 w powietrzu - POZIOM 2 (\u003Cspan class=\u0022stats-count\u0022\u003E74\u003C\/span\u003E)\u003C\/li\u003E\u003Cli class=\u0022contents-list-item\u0022\u003EPowiadomienie o ryzyku wyst\u0105pienia przekroczenia poziomu informowania dla py\u0142u zawieszonego PM10 w powietrzu - POZIOM 2 (\u003Cspan class=\u0022stats-count\u0022\u003E85\u003C\/span\u003E)\u003C\/li\u003E\u003Cli class=\u0022contents-list-item\u0022\u003EPowiadomienie o ryzyku wyst\u0105pienia przekroczenia poziomu informowania dla py\u0142u zawieszonego PM10 w powietrzu (\u003Cspan class=\u0022stats-count\u0022\u003E113\u003C\/span\u003E)\u003C\/li\u003E\u003Cli class=\u0022contents-list-item\u0022\u003EOg\u0142oszenie AZBEST osoby fizyczne (\u003Cspan class=\u0022stats-count\u0022\u003E141\u003C\/span\u003E)\u003C\/li\u003E\u003Cli class=\u0022contents-list-item\u0022\u003EKonsultacje spo\u0142eczne projektu uchwa\u0142y w sprawie przyj\u0119cia \u201eGminnego Programu Opieki nad Zabytkami Gminy Toszek na lata 2026-2029\u0022 (\u003Cspan class=\u0022stats-count\u0022\u003E89\u003C\/span\u003E)\u003C\/li\u003E\u003Cli class=\u0022contents-list-item\u0022\u003EKomunikat KRUS - nowa kwota zasi\u0142ku pogrzebowego od stycznia 2026 r. (\u003Cspan class=\u0022stats-count\u0022\u003E92\u003C\/span\u003E)\u003C\/li\u003E\u003Cli class=\u0022contents-list-item\u0022\u003EWywiad z pasj\u0105 - Rafa\u0142 Kucharczyk (\u003Cspan class=\u0022stats-count\u0022\u003E614\u003C\/span\u003E)\u003C\/li\u003E\u003Cli class=\u0022contents-list-item\u0022\u003EInformacja z TAURON Dystrybucja (\u003Cspan class=\u0022stats-count\u0022\u003E95\u003C\/span\u003E)\u003C\/li\u003E\u003Cli class=\u0022contents-list-item\u0022\u003EKomunikat dotycz\u0105cy choroby niebieskiego j\u0119zyka (\u003Cspan class=\u0022stats-count\u0022\u003E105\u003C\/span\u003E)\u003C\/li\u003E\u003Cli class=\u0022contents-list-item\u0022\u003EKomunikat KRUS - nowe kwoty przychodu od 1 grudnia br. (\u003Cspan class=\u0022stats-count\u0022\u003E97\u003C\/span\u003E)\u003C\/li\u003E\u003Cli class=\u0022contents-list-item\u0022\u003EXV Toszecki Jarmark Adwentowy (\u003Cspan class=\u0022stats-count\u0022\u003E1182\u003C\/span\u003E)\u003C\/li\u003E\u003Cli class=\u0022contents-list-item\u0022\u003ERozmowy z pasj\u0105 - Janusz Godula (\u003Cspan class=\u0022stats-count\u0022\u003E303\u003C\/span\u003E)\u003C\/li\u003E\u003Cli class=\u0022contents-list-item\u0022\u003EInformacja o zmianach w rozk\u0142adzie jazdy \u2013 linia autobusowa nr 207 (\u003Cspan class=\u0022stats-count\u0022\u003E115\u003C\/span\u003E)\u003C\/li\u003E\u003Cli class=\u0022contents-list-item\u0022\u003EWprowadzenie stopni alarmowych BRAVO oraz BRAVO-CRP na ca\u0142ym terytorium Rzeczypospolitej Polskiej (\u003Cspan class=\u0022stats-count\u0022\u003E98\u003C\/span\u003E)\u003C\/li\u003E\u003Cli class=\u0022contents-list-item\u0022\u003ESpotkanie edukacyjne - profilaktyka osteoporozy (\u003Cspan class=\u0022stats-count\u0022\u003E172\u003C\/span\u003E)\u003C\/li\u003E\u003Cli class=\u0022contents-list-item\u0022\u003ETrwa przyjmowanie zg\u0142osze\u0144 wystawc\u00f3w na Toszecki Jarmark Adwentowy 2025 (\u003Cspan class=\u0022stats-count\u0022\u003E235\u003C\/span\u003E)\u003C\/li\u003E\u003Cli class=\u0022contents-list-item\u0022\u003EKolejne \u015brodki finansowe dla Gminy Toszek na realizacj\u0119 Programu Ochrony Ludno\u015bci i Obrony Cywilnej w Gminie Toszek (\u003Cspan class=\u0022stats-count\u0022\u003E126\u003C\/span\u003E)\u003C\/li\u003E\u003Cli class=\u0022contents-list-item\u0022\u003ERozmowy z pasj\u0105 - Klaudia Popek (\u003Cspan class=\u0022stats-count\u0022\u003E494\u003C\/span\u003E)\u003C\/li\u003E\u003Cli class=\u0022contents-list-item\u0022\u003EZarz\u0105dzenie nr 0050.305.2025 Burmistrza Toszka z dnia 03.11.2025 r. (\u003Cspan class=\u0022stats-count\u0022\u003E128\u003C\/span\u003E)\u003C\/li\u003E\u003Cli class=\u0022contents-list-item\u0022\u003EGmina Toszek otrzyma\u0142a \u015brodki finansowe na ogranizacj\u0119 szkole\u0144 w ramach POLiOC (\u003Cspan class=\u0022stats-count\u0022\u003E117\u003C\/span\u003E)\u003C\/li\u003E\u003Cli class=\u0022contents-list-item\u0022\u003EII nab\u00f3r programu Ciep\u0142e mieszkanie trwa do 17 listopada (\u003Cspan class=\u0022stats-count\u0022\u003E113\u003C\/span\u003E)\u003C\/li\u003E\u003Cli class=\u0022contents-list-item\u0022\u003ETo ju\u017c ostatnia szansa na BEZP\u0141ATNE badania w kierunku osteoporozy (\u003Cspan class=\u0022stats-count\u0022\u003E141\u003C\/span\u003E)\u003C\/li\u003E\u003C\/ul\u003E"}